{"id":788,"date":"2022-09-09T18:51:40","date_gmt":"2022-09-09T16:51:40","guid":{"rendered":"http:\/\/mairie-la-framboisiere.fr\/?p=788"},"modified":"2022-09-09T18:51:40","modified_gmt":"2022-09-09T16:51:40","slug":"enquete-mobilite","status":"publish","type":"post","link":"http:\/\/mairie-la-framboisiere.fr\/index.php\/2022\/09\/09\/enquete-mobilite\/","title":{"rendered":"Enqu\u00eate mobilit\u00e9"},"content":{"rendered":"\n<p>La communaut\u00e9 de communes r\u00e9alise une enqu\u00eate sur la  mobilit\u00e9. Vous pouvez y participer en compl\u00e9tant le formulaire sur le site de la cdc des for\u00eats du perche en suivant le lien : <\/p>\n\n\n\n<figure class=\"wp-block-embed-wordpress wp-block-embed is-type-wp-embed is-provider-communaute-de-communes-des-forets-du-perche\"><div class=\"wp-block-embed__wrapper\">\n<div class=\"oceanwp-oembed-wrap clr\"><blockquote class=\"wp-embedded-content\" data-secret=\"00LmXgFKyL\"><a href=\"http:\/\/www.lesforetsduperche.fr\/\">Les For\u00eats du Perche<\/a><\/blockquote><iframe class=\"wp-embedded-content\" sandbox=\"allow-scripts\" security=\"restricted\" style=\"position: absolute; clip: rect(1px, 1px, 1px, 1px);\" title=\"\u00ab\u00a0Les For\u00eats du Perche\u00a0\u00bb &#8212; Communaut\u00e9 de Communes des For\u00eats du Perche\" src=\"http:\/\/www.lesforetsduperche.fr\/embed\/#?secret=00LmXgFKyL\" data-secret=\"00LmXgFKyL\" width=\"600\" height=\"338\" frameborder=\"0\" marginwidth=\"0\" marginheight=\"0\" scrolling=\"no\"><\/iframe><\/div>\n<\/div><\/figure>\n\n\n\n<p>ou sur la version papier disponible en Mairie avant le  01 octobre 2022.<\/p>\n\n\n\n<p><\/p>\n\n\n\n<p><\/p>\n\n\n\n<p> <\/p>\n","protected":false},"excerpt":{"rendered":"<p>La communaut\u00e9 de communes r\u00e9alise une enqu\u00eate sur la mobilit\u00e9. Vous pouvez y participer en compl\u00e9tant le formulaire sur le site de la cdc des for\u00eats du perche en suivant le lien : ou sur la version papier disponible en Mairie avant le 01 octobre 2022.<\/p>\n","protected":false},"author":2,"featured_media":0,"comment_status":"open","ping_status":"open","sticky":false,"template":"","format":"standard","meta":[],"categories":[1],"tags":[],"_links":{"self":[{"href":"http:\/\/mairie-la-framboisiere.fr\/index.php\/wp-json\/wp\/v2\/posts\/788"}],"collection":[{"href":"http:\/\/mairie-la-framboisiere.fr\/index.php\/wp-json\/wp\/v2\/posts"}],"about":[{"href":"http:\/\/mairie-la-framboisiere.fr\/index.php\/wp-json\/wp\/v2\/types\/post"}],"author":[{"embeddable":true,"href":"http:\/\/mairie-la-framboisiere.fr\/index.php\/wp-json\/wp\/v2\/users\/2"}],"replies":[{"embeddable":true,"href":"http:\/\/mairie-la-framboisiere.fr\/index.php\/wp-json\/wp\/v2\/comments?post=788"}],"version-history":[{"count":2,"href":"http:\/\/mairie-la-framboisiere.fr\/index.php\/wp-json\/wp\/v2\/posts\/788\/revisions"}],"predecessor-version":[{"id":790,"href":"http:\/\/mairie-la-framboisiere.fr\/index.php\/wp-json\/wp\/v2\/posts\/788\/revisions\/790"}],"wp:attachment":[{"href":"http:\/\/mairie-la-framboisiere.fr\/index.php\/wp-json\/wp\/v2\/media?parent=788"}],"wp:term":[{"taxonomy":"category","embeddable":true,"href":"http:\/\/mairie-la-framboisiere.fr\/index.php\/wp-json\/wp\/v2\/categories?post=788"},{"taxonomy":"post_tag","embeddable":true,"href":"http:\/\/mairie-la-framboisiere.fr\/index.php\/wp-json\/wp\/v2\/tags?post=788"}],"curies":[{"name":"wp","href":"https:\/\/api.w.org\/{rel}","templated":true}]}}